{"id":1483,"date":"2026-09-02T22:27:37","date_gmt":"2026-09-02T20:27:37","guid":{"rendered":"https:\/\/arc-bagnolet-belleville.fr\/?p=1483"},"modified":"2026-09-02T22:27:38","modified_gmt":"2026-09-02T20:27:38","slug":"decouvrez-le-run-archery-et-les-tirs-de-parcours","status":"publish","type":"post","link":"https:\/\/arc-bagnolet-belleville.fr\/index.php\/2026\/09\/02\/decouvrez-le-run-archery-et-les-tirs-de-parcours\/","title":{"rendered":"D\u00e9couvrez le Run Archery et les Tirs de Parcours"},"content":{"rendered":"\n<div class=\"wp-block-media-text is-stacked-on-mobile\" style=\"grid-template-columns:18% auto\"><figure class=\"wp-block-media-text__media\"><img loading=\"lazy\" decoding=\"async\" width=\"724\" height=\"1024\" src=\"https:\/\/arc-bagnolet-belleville.fr\/wp-content\/uploads\/2026\/09\/WhatsApp-Image-2026-08-28-at-16.08.32-724x1024.jpeg\" alt=\"\" class=\"wp-image-1484 size-full\" srcset=\"https:\/\/arc-bagnolet-belleville.fr\/wp-content\/uploads\/2026\/09\/WhatsApp-Image-2026-08-28-at-16.08.32-724x1024.jpeg 724w, https:\/\/arc-bagnolet-belleville.fr\/wp-content\/uploads\/2026\/09\/WhatsApp-Image-2026-08-28-at-16.08.32-212x300.jpeg 212w, https:\/\/arc-bagnolet-belleville.fr\/wp-content\/uploads\/2026\/09\/WhatsApp-Image-2026-08-28-at-16.08.32-768x1086.jpeg 768w, https:\/\/arc-bagnolet-belleville.fr\/wp-content\/uploads\/2026\/09\/WhatsApp-Image-2026-08-28-at-16.08.32.jpeg 849w\" sizes=\"auto, (max-width: 724px) 100vw, 724px\" \/><\/figure><div class=\"wp-block-media-text__content\">\n<p class=\"wp-block-paragraph\">Le 27 septembre, le <a href=\"https:\/\/www.tiralarc-cd93.fr\/\">comit\u00e9 d\u00e9partemental de tir \u00e0 l&rsquo;arc de Seine-Saint-Denis<\/a> organise une initiation au Run Archery et aux Tirs de Parcours \u00e0 Vaujours. Une belle occasion de d\u00e9couvrir d&rsquo;autres facettes du tir \u00e0 l&rsquo;arc en toute convivialit\u00e9.<\/p>\n\n\n\n<p class=\"wp-block-paragraph\">Participation gratuite sur inscription : <a href=\"https:\/\/www.tiralarc-cd93.fr\/uploads\/mandats\/Mandat%20initiation%20Run%20Archery%20&amp;%20Parcours%20CD93%2027.09.2026.pdf\">voir le mandat ici.<\/a> Nombre de places limit\u00e9.<\/p>\n<\/div><\/div>\n\n\n\n<p class=\"wp-block-paragraph\"><\/p>\n","protected":false},"excerpt":{"rendered":"<p>Le 27 septembre, le CD93 organise une initiation au Run Archery et aux Tirs de Parcours \u00e0 Vaujours. <\/p>\n","protected":false},"author":2,"featured_media":1484,"comment_status":"closed","ping_status":"closed","sticky":false,"template":"","format":"standard","meta":{"footnotes":"","_members_access_role":[],"_members_access_error":""},"categories":[2],"tags":[],"class_list":["post-1483","post","type-post","status-publish","format-standard","has-post-thumbnail","hentry","category-actualite"],"jetpack_featured_media_url":"https:\/\/arc-bagnolet-belleville.fr\/wp-content\/uploads\/2026\/09\/WhatsApp-Image-2026-08-28-at-16.08.32.jpeg","_links":{"self":[{"href":"https:\/\/arc-bagnolet-belleville.fr\/index.php\/wp-json\/wp\/v2\/posts\/1483","targetHints":{"allow":["GET"]}}],"collection":[{"href":"https:\/\/arc-bagnolet-belleville.fr\/index.php\/wp-json\/wp\/v2\/posts"}],"about":[{"href":"https:\/\/arc-bagnolet-belleville.fr\/index.php\/wp-json\/wp\/v2\/types\/post"}],"author":[{"embeddable":true,"href":"https:\/\/arc-bagnolet-belleville.fr\/index.php\/wp-json\/wp\/v2\/users\/2"}],"replies":[{"embeddable":true,"href":"https:\/\/arc-bagnolet-belleville.fr\/index.php\/wp-json\/wp\/v2\/comments?post=1483"}],"version-history":[{"count":1,"href":"https:\/\/arc-bagnolet-belleville.fr\/index.php\/wp-json\/wp\/v2\/posts\/1483\/revisions"}],"predecessor-version":[{"id":1485,"href":"https:\/\/arc-bagnolet-belleville.fr\/index.php\/wp-json\/wp\/v2\/posts\/1483\/revisions\/1485"}],"wp:featuredmedia":[{"embeddable":true,"href":"https:\/\/arc-bagnolet-belleville.fr\/index.php\/wp-json\/wp\/v2\/media\/1484"}],"wp:attachment":[{"href":"https:\/\/arc-bagnolet-belleville.fr\/index.php\/wp-json\/wp\/v2\/media?parent=1483"}],"wp:term":[{"taxonomy":"category","embeddable":true,"href":"https:\/\/arc-bagnolet-belleville.fr\/index.php\/wp-json\/wp\/v2\/categories?post=1483"},{"taxonomy":"post_tag","embeddable":true,"href":"https:\/\/arc-bagnolet-belleville.fr\/index.php\/wp-json\/wp\/v2\/tags?post=1483"}],"curies":[{"name":"wp","href":"https:\/\/api.w.org\/{rel}","templated":true}]}}