{"id":1436,"date":"2026-03-07T20:23:00","date_gmt":"2026-03-07T19:23:00","guid":{"rendered":"https:\/\/arc-bagnolet-belleville.fr\/?p=1436"},"modified":"2026-09-02T13:45:17","modified_gmt":"2026-09-02T11:45:17","slug":"abat-loiseau","status":"publish","type":"post","link":"https:\/\/arc-bagnolet-belleville.fr\/index.php\/2026\/03\/07\/abat-loiseau\/","title":{"rendered":"Abat l&rsquo;oiseau"},"content":{"rendered":"\n<div class=\"wp-block-media-text is-stacked-on-mobile\" style=\"grid-template-columns:20% auto\"><figure class=\"wp-block-media-text__media\"><img loading=\"lazy\" decoding=\"async\" width=\"836\" height=\"1024\" src=\"https:\/\/arc-bagnolet-belleville.fr\/wp-content\/uploads\/2026\/03\/IMG_8419-836x1024.jpg\" alt=\"\" class=\"wp-image-1440 size-full\" srcset=\"https:\/\/arc-bagnolet-belleville.fr\/wp-content\/uploads\/2026\/03\/IMG_8419-836x1024.jpg 836w, https:\/\/arc-bagnolet-belleville.fr\/wp-content\/uploads\/2026\/03\/IMG_8419-245x300.jpg 245w, https:\/\/arc-bagnolet-belleville.fr\/wp-content\/uploads\/2026\/03\/IMG_8419-768x941.jpg 768w, https:\/\/arc-bagnolet-belleville.fr\/wp-content\/uploads\/2026\/03\/IMG_8419-1254x1536.jpg 1254w, https:\/\/arc-bagnolet-belleville.fr\/wp-content\/uploads\/2026\/03\/IMG_8419-1672x2048.jpg 1672w, https:\/\/arc-bagnolet-belleville.fr\/wp-content\/uploads\/2026\/03\/IMG_8419.jpg 1815w\" sizes=\"auto, (max-width: 836px) 100vw, 836px\" \/><\/figure><div class=\"wp-block-media-text__content\">\n<p class=\"wp-block-paragraph\">Le 7 mars, les tireurs majeurs de la Compagnie se sont rassembl\u00e9s pour l&rsquo;Abat l&rsquo;oiseau. L&rsquo;oiseau est tomb\u00e9 \u00e0 la 710\u00e8me fl\u00e8che sous le trait de Beno\u00eet Hominal, qui assure d\u00e9sormais la charge de Roy de la Compagnie pour 2026. Merci \u00e0 Lucile et Garance pour la r\u00e9alisation des tr\u00e8s belles cartes.<\/p>\n\n\n\n<p class=\"wp-block-paragraph\">Le nouveau bureau de la compagnie a \u00e9t\u00e9 constitu\u00e9 pour l&rsquo;ann\u00e9e.<\/p>\n<\/div><\/div>\n\n\n\n<figure class=\"wp-block-image size-large is-resized\"><img loading=\"lazy\" decoding=\"async\" width=\"686\" height=\"1024\" src=\"https:\/\/arc-bagnolet-belleville.fr\/wp-content\/uploads\/2026\/03\/IMG_8421-686x1024.jpg\" alt=\"\" class=\"wp-image-1441\" style=\"aspect-ratio:0.669928460000611;width:150px;height:auto\" srcset=\"https:\/\/arc-bagnolet-belleville.fr\/wp-content\/uploads\/2026\/03\/IMG_8421-686x1024.jpg 686w, https:\/\/arc-bagnolet-belleville.fr\/wp-content\/uploads\/2026\/03\/IMG_8421-201x300.jpg 201w, https:\/\/arc-bagnolet-belleville.fr\/wp-content\/uploads\/2026\/03\/IMG_8421-768x1146.jpg 768w, https:\/\/arc-bagnolet-belleville.fr\/wp-content\/uploads\/2026\/03\/IMG_8421-1029x1536.jpg 1029w, https:\/\/arc-bagnolet-belleville.fr\/wp-content\/uploads\/2026\/03\/IMG_8421-1372x2048.jpg 1372w, https:\/\/arc-bagnolet-belleville.fr\/wp-content\/uploads\/2026\/03\/IMG_8421-scaled.jpg 1715w\" sizes=\"auto, (max-width: 686px) 100vw, 686px\" \/><\/figure>\n\n\n\n<p class=\"wp-block-paragraph\"><\/p>\n","protected":false},"excerpt":{"rendered":"<p>Le 7 mars, les tireurs majeurs de la Compagnie se sont rassembl\u00e9s pour l&rsquo;Abat l&rsquo;oiseau. <\/p>\n","protected":false},"author":2,"featured_media":1440,"comment_status":"closed","ping_status":"closed","sticky":false,"template":"","format":"standard","meta":{"footnotes":"","_members_access_role":[],"_members_access_error":""},"categories":[2,11],"tags":[],"class_list":["post-1436","post","type-post","status-publish","format-standard","has-post-thumbnail","hentry","category-actualite","category-vie-de-la-compagnie"],"jetpack_featured_media_url":"https:\/\/arc-bagnolet-belleville.fr\/wp-content\/uploads\/2026\/03\/IMG_8419.jpg","_links":{"self":[{"href":"https:\/\/arc-bagnolet-belleville.fr\/index.php\/wp-json\/wp\/v2\/posts\/1436","targetHints":{"allow":["GET"]}}],"collection":[{"href":"https:\/\/arc-bagnolet-belleville.fr\/index.php\/wp-json\/wp\/v2\/posts"}],"about":[{"href":"https:\/\/arc-bagnolet-belleville.fr\/index.php\/wp-json\/wp\/v2\/types\/post"}],"author":[{"embeddable":true,"href":"https:\/\/arc-bagnolet-belleville.fr\/index.php\/wp-json\/wp\/v2\/users\/2"}],"replies":[{"embeddable":true,"href":"https:\/\/arc-bagnolet-belleville.fr\/index.php\/wp-json\/wp\/v2\/comments?post=1436"}],"version-history":[{"count":7,"href":"https:\/\/arc-bagnolet-belleville.fr\/index.php\/wp-json\/wp\/v2\/posts\/1436\/revisions"}],"predecessor-version":[{"id":1447,"href":"https:\/\/arc-bagnolet-belleville.fr\/index.php\/wp-json\/wp\/v2\/posts\/1436\/revisions\/1447"}],"wp:featuredmedia":[{"embeddable":true,"href":"https:\/\/arc-bagnolet-belleville.fr\/index.php\/wp-json\/wp\/v2\/media\/1440"}],"wp:attachment":[{"href":"https:\/\/arc-bagnolet-belleville.fr\/index.php\/wp-json\/wp\/v2\/media?parent=1436"}],"wp:term":[{"taxonomy":"category","embeddable":true,"href":"https:\/\/arc-bagnolet-belleville.fr\/index.php\/wp-json\/wp\/v2\/categories?post=1436"},{"taxonomy":"post_tag","embeddable":true,"href":"https:\/\/arc-bagnolet-belleville.fr\/index.php\/wp-json\/wp\/v2\/tags?post=1436"}],"curies":[{"name":"wp","href":"https:\/\/api.w.org\/{rel}","templated":true}]}}