{"id":1431,"date":"2026-06-06T18:32:00","date_gmt":"2026-06-06T16:32:00","guid":{"rendered":"https:\/\/arc-bagnolet-belleville.fr\/?p=1431"},"modified":"2026-09-02T12:07:17","modified_gmt":"2026-09-02T10:07:17","slug":"challenge-andre-prieur-2026","status":"publish","type":"post","link":"https:\/\/arc-bagnolet-belleville.fr\/index.php\/2026\/06\/06\/challenge-andre-prieur-2026\/","title":{"rendered":"Challenge Andr\u00e9 Prieur 2026"},"content":{"rendered":"\n<div class=\"wp-block-media-text is-stacked-on-mobile\" style=\"grid-template-columns:34% auto\"><figure class=\"wp-block-media-text__media\"><img loading=\"lazy\" decoding=\"async\" width=\"1024\" height=\"768\" src=\"https:\/\/arc-bagnolet-belleville.fr\/wp-content\/uploads\/2026\/09\/WhatsApp-Image-2026-06-07-at-08.20.322-1024x768.jpeg\" alt=\"\" class=\"wp-image-1434 size-full\" srcset=\"https:\/\/arc-bagnolet-belleville.fr\/wp-content\/uploads\/2026\/09\/WhatsApp-Image-2026-06-07-at-08.20.322-1024x768.jpeg 1024w, https:\/\/arc-bagnolet-belleville.fr\/wp-content\/uploads\/2026\/09\/WhatsApp-Image-2026-06-07-at-08.20.322-300x225.jpeg 300w, https:\/\/arc-bagnolet-belleville.fr\/wp-content\/uploads\/2026\/09\/WhatsApp-Image-2026-06-07-at-08.20.322-768x576.jpeg 768w, https:\/\/arc-bagnolet-belleville.fr\/wp-content\/uploads\/2026\/09\/WhatsApp-Image-2026-06-07-at-08.20.322-1536x1152.jpeg 1536w, https:\/\/arc-bagnolet-belleville.fr\/wp-content\/uploads\/2026\/09\/WhatsApp-Image-2026-06-07-at-08.20.322.jpeg 2048w\" sizes=\"auto, (max-width: 1024px) 100vw, 1024px\" \/><\/figure><div class=\"wp-block-media-text__content\">\n<p class=\"wp-block-paragraph\">Cette ann\u00e9e, le 6 juin, notre Compagnie organisait le Challenge Andr\u00e9 Prieur, comp\u00e9tition qui s&rsquo;adresse aux jeunes de premi\u00e8re ann\u00e9e de licence et combine des tirs \u00e0 20m sur cibles couleurs et sur cartes beursault.<\/p>\n\n\n\n<p class=\"wp-block-paragraph\">Bravo \u00e0 nos archers qui n&rsquo;ont pas d\u00e9m\u00e9rit\u00e9, avec des podiums pour une part d&rsquo;entre eux, et qui permettent \u00e0 notre compagnie de conserver la Coupe Prieur cette ann\u00e9e.  <\/p>\n<\/div><\/div>\n\n\n\n<p class=\"wp-block-paragraph\">Et merci \u00e0 Monsieur Andr\u00e9 Prieur qui nous a fait l&rsquo;honneur de sa pr\u00e9sence.<\/p>\n\n\n\n<p class=\"wp-block-paragraph\"><\/p>\n","protected":false},"excerpt":{"rendered":"<p>Cette ann\u00e9e, le 6 juin, notre Compagnie a organis\u00e9 le Challenge Andr\u00e9 Prieur. <\/p>\n","protected":false},"author":2,"featured_media":1434,"comment_status":"closed","ping_status":"closed","sticky":false,"template":"","format":"standard","meta":{"footnotes":"","_members_access_role":[],"_members_access_error":""},"categories":[2,9],"tags":[],"class_list":["post-1431","post","type-post","status-publish","format-standard","has-post-thumbnail","hentry","category-actualite","category-podiums"],"jetpack_featured_media_url":"https:\/\/arc-bagnolet-belleville.fr\/wp-content\/uploads\/2026\/09\/WhatsApp-Image-2026-06-07-at-08.20.322.jpeg","_links":{"self":[{"href":"https:\/\/arc-bagnolet-belleville.fr\/index.php\/wp-json\/wp\/v2\/posts\/1431","targetHints":{"allow":["GET"]}}],"collection":[{"href":"https:\/\/arc-bagnolet-belleville.fr\/index.php\/wp-json\/wp\/v2\/posts"}],"about":[{"href":"https:\/\/arc-bagnolet-belleville.fr\/index.php\/wp-json\/wp\/v2\/types\/post"}],"author":[{"embeddable":true,"href":"https:\/\/arc-bagnolet-belleville.fr\/index.php\/wp-json\/wp\/v2\/users\/2"}],"replies":[{"embeddable":true,"href":"https:\/\/arc-bagnolet-belleville.fr\/index.php\/wp-json\/wp\/v2\/comments?post=1431"}],"version-history":[{"count":1,"href":"https:\/\/arc-bagnolet-belleville.fr\/index.php\/wp-json\/wp\/v2\/posts\/1431\/revisions"}],"predecessor-version":[{"id":1435,"href":"https:\/\/arc-bagnolet-belleville.fr\/index.php\/wp-json\/wp\/v2\/posts\/1431\/revisions\/1435"}],"wp:featuredmedia":[{"embeddable":true,"href":"https:\/\/arc-bagnolet-belleville.fr\/index.php\/wp-json\/wp\/v2\/media\/1434"}],"wp:attachment":[{"href":"https:\/\/arc-bagnolet-belleville.fr\/index.php\/wp-json\/wp\/v2\/media?parent=1431"}],"wp:term":[{"taxonomy":"category","embeddable":true,"href":"https:\/\/arc-bagnolet-belleville.fr\/index.php\/wp-json\/wp\/v2\/categories?post=1431"},{"taxonomy":"post_tag","embeddable":true,"href":"https:\/\/arc-bagnolet-belleville.fr\/index.php\/wp-json\/wp\/v2\/tags?post=1431"}],"curies":[{"name":"wp","href":"https:\/\/api.w.org\/{rel}","templated":true}]}}