{"id":1425,"date":"2026-06-14T19:10:00","date_gmt":"2026-06-14T17:10:00","guid":{"rendered":"https:\/\/arc-bagnolet-belleville.fr\/?p=1425"},"modified":"2026-09-02T11:32:22","modified_gmt":"2026-09-02T09:32:22","slug":"9eme-trophee-jean-valjean","status":"publish","type":"post","link":"https:\/\/arc-bagnolet-belleville.fr\/index.php\/2026\/06\/14\/9eme-trophee-jean-valjean\/","title":{"rendered":"9\u00e8me Troph\u00e9e Jean Valjean"},"content":{"rendered":"\n<div class=\"wp-block-media-text is-stacked-on-mobile\" style=\"grid-template-columns:19% auto\"><figure class=\"wp-block-media-text__media\"><img loading=\"lazy\" decoding=\"async\" width=\"768\" height=\"1024\" src=\"https:\/\/arc-bagnolet-belleville.fr\/wp-content\/uploads\/2026\/09\/WhatsApp-Image-2026-06-14-at-19.50.14-768x1024.jpeg\" alt=\"\" class=\"wp-image-1426 size-full\" srcset=\"https:\/\/arc-bagnolet-belleville.fr\/wp-content\/uploads\/2026\/09\/WhatsApp-Image-2026-06-14-at-19.50.14-768x1024.jpeg 768w, https:\/\/arc-bagnolet-belleville.fr\/wp-content\/uploads\/2026\/09\/WhatsApp-Image-2026-06-14-at-19.50.14-225x300.jpeg 225w, https:\/\/arc-bagnolet-belleville.fr\/wp-content\/uploads\/2026\/09\/WhatsApp-Image-2026-06-14-at-19.50.14-1152x1536.jpeg 1152w, https:\/\/arc-bagnolet-belleville.fr\/wp-content\/uploads\/2026\/09\/WhatsApp-Image-2026-06-14-at-19.50.14.jpeg 1200w\" sizes=\"auto, (max-width: 768px) 100vw, 768px\" \/><\/figure><div class=\"wp-block-media-text__content\">\n<p class=\"wp-block-paragraph\">Le troph\u00e9e Jean Valjean, organis\u00e9 les 13 et 14 juin par le Monfermeil Arc Club, est le volet tir en ext\u00e9rieur du Bal des d\u00e9butants. Il s&rsquo;adresse aux archers de 1\u00e8re ann\u00e9e. Notre Compagnie y \u00e9tait cette ann\u00e9e bien repr\u00e9sent\u00e9e et s&rsquo;est illustr\u00e9e par plusieurs podiums. Bravo \u00e0 Garance (U13 CL F) et \u00e0 Vincenzo (U 15 CL H) pour leur premi\u00e8re place. Bravo \u00e0 Maxence et \u00e0 Mathias (U15 CL H) pour leur 2\u00e8me et 3\u00e8me place. Et bravo \u00e0 tous les participants qui n&rsquo;ont pas d\u00e9m\u00e9rit\u00e9.<\/p>\n<\/div><\/div>\n\n\n\n<p class=\"wp-block-paragraph\"><\/p>\n","protected":false},"excerpt":{"rendered":"<p>Le 14 juin, nos jeunes archers on particip\u00e9 au troph\u00e9e Jean Valjean, organis\u00e9 par le Montfermeil Arc Club. <\/p>\n","protected":false},"author":2,"featured_media":1430,"comment_status":"closed","ping_status":"closed","sticky":false,"template":"","format":"standard","meta":{"footnotes":"","_members_access_role":[],"_members_access_error":""},"categories":[9],"tags":[],"class_list":["post-1425","post","type-post","status-publish","format-standard","has-post-thumbnail","hentry","category-podiums"],"jetpack_featured_media_url":"https:\/\/arc-bagnolet-belleville.fr\/wp-content\/uploads\/2026\/06\/2026-06-14-lequipe-du-trophee-Jean-Valjean.jpeg","_links":{"self":[{"href":"https:\/\/arc-bagnolet-belleville.fr\/index.php\/wp-json\/wp\/v2\/posts\/1425","targetHints":{"allow":["GET"]}}],"collection":[{"href":"https:\/\/arc-bagnolet-belleville.fr\/index.php\/wp-json\/wp\/v2\/posts"}],"about":[{"href":"https:\/\/arc-bagnolet-belleville.fr\/index.php\/wp-json\/wp\/v2\/types\/post"}],"author":[{"embeddable":true,"href":"https:\/\/arc-bagnolet-belleville.fr\/index.php\/wp-json\/wp\/v2\/users\/2"}],"replies":[{"embeddable":true,"href":"https:\/\/arc-bagnolet-belleville.fr\/index.php\/wp-json\/wp\/v2\/comments?post=1425"}],"version-history":[{"count":2,"href":"https:\/\/arc-bagnolet-belleville.fr\/index.php\/wp-json\/wp\/v2\/posts\/1425\/revisions"}],"predecessor-version":[{"id":1429,"href":"https:\/\/arc-bagnolet-belleville.fr\/index.php\/wp-json\/wp\/v2\/posts\/1425\/revisions\/1429"}],"wp:featuredmedia":[{"embeddable":true,"href":"https:\/\/arc-bagnolet-belleville.fr\/index.php\/wp-json\/wp\/v2\/media\/1430"}],"wp:attachment":[{"href":"https:\/\/arc-bagnolet-belleville.fr\/index.php\/wp-json\/wp\/v2\/media?parent=1425"}],"wp:term":[{"taxonomy":"category","embeddable":true,"href":"https:\/\/arc-bagnolet-belleville.fr\/index.php\/wp-json\/wp\/v2\/categories?post=1425"},{"taxonomy":"post_tag","embeddable":true,"href":"https:\/\/arc-bagnolet-belleville.fr\/index.php\/wp-json\/wp\/v2\/tags?post=1425"}],"curies":[{"name":"wp","href":"https:\/\/api.w.org\/{rel}","templated":true}]}}