{"id":1418,"date":"2026-09-01T17:40:57","date_gmt":"2026-09-01T15:40:57","guid":{"rendered":"https:\/\/arc-bagnolet-belleville.fr\/?p=1418"},"modified":"2026-09-01T17:42:51","modified_gmt":"2026-09-01T15:42:51","slug":"forum-des-associations-2026","status":"publish","type":"post","link":"https:\/\/arc-bagnolet-belleville.fr\/index.php\/2026\/09\/01\/forum-des-associations-2026\/","title":{"rendered":"Forum des associations 2026"},"content":{"rendered":"\n<div class=\"wp-block-media-text is-stacked-on-mobile\"><figure class=\"wp-block-media-text__media\"><img loading=\"lazy\" decoding=\"async\" width=\"780\" height=\"563\" src=\"https:\/\/arc-bagnolet-belleville.fr\/wp-content\/uploads\/2026\/09\/Forum-des-assos.jpg\" alt=\"\" class=\"wp-image-1419 size-full\" srcset=\"https:\/\/arc-bagnolet-belleville.fr\/wp-content\/uploads\/2026\/09\/Forum-des-assos.jpg 780w, https:\/\/arc-bagnolet-belleville.fr\/wp-content\/uploads\/2026\/09\/Forum-des-assos-300x217.jpg 300w, https:\/\/arc-bagnolet-belleville.fr\/wp-content\/uploads\/2026\/09\/Forum-des-assos-768x554.jpg 768w\" sizes=\"auto, (max-width: 780px) 100vw, 780px\" \/><\/figure><div class=\"wp-block-media-text__content\">\n<p class=\"wp-block-paragraph\">La Compagnie sera pr\u00e9sente au <a href=\"https:\/\/www.ville-bagnolet.fr\/bagnolet-bouge\/dans-l-agenda\/evenement\/forum-associations-2026\">forum des associations de Bagnolet<\/a>, le samedi 5 septembre 2026, au parc du Ch\u00e2teau de l&rsquo;Etang (parc Josette-et-Maurice-Audin).<\/p>\n\n\n\n<p class=\"wp-block-paragraph\">Pr\u00e9sentation de nos activit\u00e9s, information sur les tirs traditionnels, premi\u00e8res fl\u00e8ches d&rsquo;essai&#8230;<\/p>\n\n\n\n<div class=\"wp-block-media-text has-media-on-the-right is-stacked-on-mobile\" style=\"grid-template-columns:auto 34%\"><div class=\"wp-block-media-text__content\">\n<p class=\"wp-block-paragraph\">Venez essayer le tir \u00e0 l&rsquo;arc !<\/p>\n<\/div><figure class=\"wp-block-media-text__media\"><img loading=\"lazy\" decoding=\"async\" width=\"1024\" height=\"768\" src=\"https:\/\/arc-bagnolet-belleville.fr\/wp-content\/uploads\/2024\/09\/Forum-2023-Pierre-1024x768.jpg\" alt=\"\" class=\"wp-image-770 size-full\" srcset=\"https:\/\/arc-bagnolet-belleville.fr\/wp-content\/uploads\/2024\/09\/Forum-2023-Pierre-1024x768.jpg 1024w, https:\/\/arc-bagnolet-belleville.fr\/wp-content\/uploads\/2024\/09\/Forum-2023-Pierre-300x225.jpg 300w, https:\/\/arc-bagnolet-belleville.fr\/wp-content\/uploads\/2024\/09\/Forum-2023-Pierre-768x576.jpg 768w, https:\/\/arc-bagnolet-belleville.fr\/wp-content\/uploads\/2024\/09\/Forum-2023-Pierre-1536x1152.jpg 1536w, https:\/\/arc-bagnolet-belleville.fr\/wp-content\/uploads\/2024\/09\/Forum-2023-Pierre.jpg 1600w\" sizes=\"auto, (max-width: 1024px) 100vw, 1024px\" \/><\/figure><\/div>\n<\/div><\/div>\n\n\n\n<p class=\"wp-block-paragraph\"><\/p>\n","protected":false},"excerpt":{"rendered":"<p>La Compagnie sera pr\u00e9sente au forum des associations de Bagnolet. Venez d\u00e9couvrir le tir \u00e0 l&rsquo;arc.<\/p>\n","protected":false},"author":2,"featured_media":1419,"comment_status":"closed","ping_status":"closed","sticky":false,"template":"","format":"standard","meta":{"footnotes":"","_members_access_role":[],"_members_access_error":""},"categories":[2],"tags":[],"class_list":["post-1418","post","type-post","status-publish","format-standard","has-post-thumbnail","hentry","category-actualite"],"jetpack_featured_media_url":"https:\/\/arc-bagnolet-belleville.fr\/wp-content\/uploads\/2026\/09\/Forum-des-assos.jpg","_links":{"self":[{"href":"https:\/\/arc-bagnolet-belleville.fr\/index.php\/wp-json\/wp\/v2\/posts\/1418","targetHints":{"allow":["GET"]}}],"collection":[{"href":"https:\/\/arc-bagnolet-belleville.fr\/index.php\/wp-json\/wp\/v2\/posts"}],"about":[{"href":"https:\/\/arc-bagnolet-belleville.fr\/index.php\/wp-json\/wp\/v2\/types\/post"}],"author":[{"embeddable":true,"href":"https:\/\/arc-bagnolet-belleville.fr\/index.php\/wp-json\/wp\/v2\/users\/2"}],"replies":[{"embeddable":true,"href":"https:\/\/arc-bagnolet-belleville.fr\/index.php\/wp-json\/wp\/v2\/comments?post=1418"}],"version-history":[{"count":2,"href":"https:\/\/arc-bagnolet-belleville.fr\/index.php\/wp-json\/wp\/v2\/posts\/1418\/revisions"}],"predecessor-version":[{"id":1421,"href":"https:\/\/arc-bagnolet-belleville.fr\/index.php\/wp-json\/wp\/v2\/posts\/1418\/revisions\/1421"}],"wp:featuredmedia":[{"embeddable":true,"href":"https:\/\/arc-bagnolet-belleville.fr\/index.php\/wp-json\/wp\/v2\/media\/1419"}],"wp:attachment":[{"href":"https:\/\/arc-bagnolet-belleville.fr\/index.php\/wp-json\/wp\/v2\/media?parent=1418"}],"wp:term":[{"taxonomy":"category","embeddable":true,"href":"https:\/\/arc-bagnolet-belleville.fr\/index.php\/wp-json\/wp\/v2\/categories?post=1418"},{"taxonomy":"post_tag","embeddable":true,"href":"https:\/\/arc-bagnolet-belleville.fr\/index.php\/wp-json\/wp\/v2\/tags?post=1418"}],"curies":[{"name":"wp","href":"https:\/\/api.w.org\/{rel}","templated":true}]}}