{"id":1078,"date":"2025-08-30T17:08:00","date_gmt":"2025-08-30T15:08:00","guid":{"rendered":"https:\/\/arc-bagnolet-belleville.fr\/?p=1078"},"modified":"2026-09-01T17:44:41","modified_gmt":"2026-09-01T15:44:41","slug":"jardinage","status":"publish","type":"post","link":"https:\/\/arc-bagnolet-belleville.fr\/index.php\/2025\/08\/30\/jardinage\/","title":{"rendered":"Jardinage"},"content":{"rendered":"\n<p class=\"wp-block-paragraph\">Samedi 30 ao\u00fbt 2025, journ\u00e9e jardinage (malgr\u00e9 le mauvais temps) pour Taha, Eug\u00e8ne, Jocelyne, Olivier, Eric, Luc et Jean-Louis afin de pouvoir accueillir les futurs archers au sein de la compagnie.<\/p>\n\n\n\n<figure class=\"wp-block-gallery has-nested-images columns-default is-cropped wp-block-gallery-1 is-layout-flex wp-block-gallery-is-layout-flex\">\n<figure class=\"wp-block-image size-large\"><img loading=\"lazy\" decoding=\"async\" width=\"1024\" height=\"768\" data-id=\"1084\" src=\"https:\/\/arc-bagnolet-belleville.fr\/wp-content\/uploads\/2025\/09\/WhatsApp-Image-2025-09-01-a-00.19.19_9f994d69-1024x768.jpg\" alt=\"\" class=\"wp-image-1084\" srcset=\"https:\/\/arc-bagnolet-belleville.fr\/wp-content\/uploads\/2025\/09\/WhatsApp-Image-2025-09-01-a-00.19.19_9f994d69-1024x768.jpg 1024w, https:\/\/arc-bagnolet-belleville.fr\/wp-content\/uploads\/2025\/09\/WhatsApp-Image-2025-09-01-a-00.19.19_9f994d69-300x225.jpg 300w, https:\/\/arc-bagnolet-belleville.fr\/wp-content\/uploads\/2025\/09\/WhatsApp-Image-2025-09-01-a-00.19.19_9f994d69-768x576.jpg 768w, https:\/\/arc-bagnolet-belleville.fr\/wp-content\/uploads\/2025\/09\/WhatsApp-Image-2025-09-01-a-00.19.19_9f994d69-1536x1152.jpg 1536w, https:\/\/arc-bagnolet-belleville.fr\/wp-content\/uploads\/2025\/09\/WhatsApp-Image-2025-09-01-a-00.19.19_9f994d69.jpg 2048w\" sizes=\"auto, (max-width: 1024px) 100vw, 1024px\" \/><\/figure>\n\n\n\n<figure class=\"wp-block-image size-large\"><img loading=\"lazy\" decoding=\"async\" width=\"1024\" height=\"768\" data-id=\"1083\" src=\"https:\/\/arc-bagnolet-belleville.fr\/wp-content\/uploads\/2025\/09\/WhatsApp-Image-2025-09-01-a-00.19.14_22674e7e-1024x768.jpg\" alt=\"\" class=\"wp-image-1083\" srcset=\"https:\/\/arc-bagnolet-belleville.fr\/wp-content\/uploads\/2025\/09\/WhatsApp-Image-2025-09-01-a-00.19.14_22674e7e-1024x768.jpg 1024w, https:\/\/arc-bagnolet-belleville.fr\/wp-content\/uploads\/2025\/09\/WhatsApp-Image-2025-09-01-a-00.19.14_22674e7e-300x225.jpg 300w, https:\/\/arc-bagnolet-belleville.fr\/wp-content\/uploads\/2025\/09\/WhatsApp-Image-2025-09-01-a-00.19.14_22674e7e-768x576.jpg 768w, https:\/\/arc-bagnolet-belleville.fr\/wp-content\/uploads\/2025\/09\/WhatsApp-Image-2025-09-01-a-00.19.14_22674e7e-1536x1152.jpg 1536w, https:\/\/arc-bagnolet-belleville.fr\/wp-content\/uploads\/2025\/09\/WhatsApp-Image-2025-09-01-a-00.19.14_22674e7e.jpg 2048w\" sizes=\"auto, (max-width: 1024px) 100vw, 1024px\" \/><\/figure>\n\n\n\n<figure class=\"wp-block-image size-large\"><img loading=\"lazy\" decoding=\"async\" width=\"768\" height=\"1024\" data-id=\"1081\" src=\"https:\/\/arc-bagnolet-belleville.fr\/wp-content\/uploads\/2025\/09\/WhatsApp-Image-2025-08-30-a-11.43.48_d838b064-2-768x1024.jpg\" alt=\"\" class=\"wp-image-1081\" srcset=\"https:\/\/arc-bagnolet-belleville.fr\/wp-content\/uploads\/2025\/09\/WhatsApp-Image-2025-08-30-a-11.43.48_d838b064-2-768x1024.jpg 768w, https:\/\/arc-bagnolet-belleville.fr\/wp-content\/uploads\/2025\/09\/WhatsApp-Image-2025-08-30-a-11.43.48_d838b064-2-225x300.jpg 225w, https:\/\/arc-bagnolet-belleville.fr\/wp-content\/uploads\/2025\/09\/WhatsApp-Image-2025-08-30-a-11.43.48_d838b064-2-1152x1536.jpg 1152w, https:\/\/arc-bagnolet-belleville.fr\/wp-content\/uploads\/2025\/09\/WhatsApp-Image-2025-08-30-a-11.43.48_d838b064-2.jpg 1200w\" sizes=\"auto, (max-width: 768px) 100vw, 768px\" \/><\/figure>\n<\/figure>\n","protected":false},"excerpt":{"rendered":"<p>Samedi 30 ao\u00fbt 2025, journ\u00e9e jardinage (malgr\u00e9 le mauvais temps) pour Taha, Eug\u00e8ne, Jocelyne, Olivier, Eric, Luc et Jean-Louis afin de pouvoir accueillir les futurs archers au sein de la compagnie.<\/p>\n","protected":false},"author":7,"featured_media":1082,"comment_status":"closed","ping_status":"closed","sticky":false,"template":"","format":"standard","meta":{"footnotes":"","_members_access_role":[],"_members_access_error":""},"categories":[11],"tags":[],"class_list":["post-1078","post","type-post","status-publish","format-standard","has-post-thumbnail","hentry","category-vie-de-la-compagnie"],"jetpack_featured_media_url":"https:\/\/arc-bagnolet-belleville.fr\/wp-content\/uploads\/2025\/09\/WhatsApp-Image-2025-08-30-a-11.43.49_e6205f51.jpg","_links":{"self":[{"href":"https:\/\/arc-bagnolet-belleville.fr\/index.php\/wp-json\/wp\/v2\/posts\/1078","targetHints":{"allow":["GET"]}}],"collection":[{"href":"https:\/\/arc-bagnolet-belleville.fr\/index.php\/wp-json\/wp\/v2\/posts"}],"about":[{"href":"https:\/\/arc-bagnolet-belleville.fr\/index.php\/wp-json\/wp\/v2\/types\/post"}],"author":[{"embeddable":true,"href":"https:\/\/arc-bagnolet-belleville.fr\/index.php\/wp-json\/wp\/v2\/users\/7"}],"replies":[{"embeddable":true,"href":"https:\/\/arc-bagnolet-belleville.fr\/index.php\/wp-json\/wp\/v2\/comments?post=1078"}],"version-history":[{"count":2,"href":"https:\/\/arc-bagnolet-belleville.fr\/index.php\/wp-json\/wp\/v2\/posts\/1078\/revisions"}],"predecessor-version":[{"id":1088,"href":"https:\/\/arc-bagnolet-belleville.fr\/index.php\/wp-json\/wp\/v2\/posts\/1078\/revisions\/1088"}],"wp:featuredmedia":[{"embeddable":true,"href":"https:\/\/arc-bagnolet-belleville.fr\/index.php\/wp-json\/wp\/v2\/media\/1082"}],"wp:attachment":[{"href":"https:\/\/arc-bagnolet-belleville.fr\/index.php\/wp-json\/wp\/v2\/media?parent=1078"}],"wp:term":[{"taxonomy":"category","embeddable":true,"href":"https:\/\/arc-bagnolet-belleville.fr\/index.php\/wp-json\/wp\/v2\/categories?post=1078"},{"taxonomy":"post_tag","embeddable":true,"href":"https:\/\/arc-bagnolet-belleville.fr\/index.php\/wp-json\/wp\/v2\/tags?post=1078"}],"curies":[{"name":"wp","href":"https:\/\/api.w.org\/{rel}","templated":true}]}}